{"id":576,"date":"2016-07-10T20:46:43","date_gmt":"2016-07-10T18:46:43","guid":{"rendered":"http:\/\/www.wendelwillweiter.de\/?p=576"},"modified":"2016-08-14T00:05:53","modified_gmt":"2016-08-13T22:05:53","slug":"over-and-dover","status":"publish","type":"post","link":"https:\/\/www.wendelwillweiter.de\/?p=576","title":{"rendered":"Over and Dover"},"content":{"rendered":"<p>Bin gerade auf der F\u00e4hre von Calais nach Dover, aber das Unmittelbare ist hier nicht m\u00f6glich: Kein Internet.<br \/>\nWo fang ich an? Gestern? Gestern habe ich mich zwar gemeldet, aber da waren keine Erfolgsmeldungen dabei, keine Leistungsanzeigen, nix von all dem.<br \/>\nSchon wieder waren es \u00fcber 190 km, genau 192, von Leuven bis nach D\u00fcnkirchen bzw. von L\u00f6wen bis nach Dunkerque, ganz wie man es will, ganz so wie es korrekt erscheinen mag.<br \/>\nUnd da ist auch schon jemand, den ich immer wieder auf der Tour antreffe: Meinen inneren Klugschei\u00dfer. Der innere Klugschei\u00dfer ist hierarchisch \u00fcber dem inneren Schweinehung anzusiedeln, im Grunde hat er den inneren Schweinehund erfunden.<br \/>\nEgal. Doch, doch nicht egal.<br \/>\nNach Gent, diese verdammt sch\u00f6nen, fast schon zu sch\u00f6n scheinenden, kullissenhafte Stadt, gings nicht, mehr auf Nationalstrassen flandrisch rauf und runter, sondern flach auf kleinen, st\u00e4ndig meandrierenden Str\u00e4\u00dfchen, herrlich durch die Flachlandschaft.<br \/>\n<div id=\"attachment_577\" style=\"width: 310px\" class=\"wp-caption alignnone\"><a href=\"http:\/\/wendelwillweiter.de\/wordpress\/wp-content\/uploads\/2016\/07\/P_20160709_180005.jpg\"><img loading=\"lazy\" decoding=\"async\" aria-describedby=\"caption-attachment-577\" src=\"http:\/\/wendelwillweiter.de\/wordpress\/wp-content\/uploads\/2016\/07\/P_20160709_180005-300x169.jpg\" alt=\"Jpeg\" width=\"300\" height=\"169\" class=\"size-medium wp-image-577\" srcset=\"https:\/\/wendelwillweiter.de\/wordpress\/wp-content\/uploads\/2016\/07\/P_20160709_180005-300x169.jpg 300w, https:\/\/wendelwillweiter.de\/wordpress\/wp-content\/uploads\/2016\/07\/P_20160709_180005-768x432.jpg 768w, https:\/\/wendelwillweiter.de\/wordpress\/wp-content\/uploads\/2016\/07\/P_20160709_180005-1024x576.jpg 1024w, https:\/\/wendelwillweiter.de\/wordpress\/wp-content\/uploads\/2016\/07\/P_20160709_180005-624x351.jpg 624w\" sizes=\"auto, (max-width: 300px) 100vw, 300px\" \/><\/a><p id=\"caption-attachment-577\" class=\"wp-caption-text\">Jpeg<\/p><\/div><br \/>\n Wo der Kugschei\u00dfer ist? Im &#8222;Meandrieren&#8220;. Das Wort wird von einem Fluss hergeleitet, der sich besonders stark durch die Landschaft geschl\u00e4ngelt hat und ist so als Begriff in die Limnologie eingegegangen. Limnologie? Ha, Flusskunde&#8230;..Ha Ballaballa. Wie ich drauf komme? Neulich sagte ein Kunde zu mir am Telefon zwecks Terminvereinbarung, er w\u00fcrde noch ein wenig &#8222;durch die Gegend&#8220; meandrieren. Er ist Mathematiker und ich w\u00fc\u00dfte gerne, welche Nuance dieser Begriff bei ihm hat.<br \/>\nDas Wort aber blockierte meine ganze Wahrnehmung, w\u00e4hrend ich mich herrlich durchs Flachland schl\u00e4ngelte.<\/p>\n<p>In dieser Landschaft mu\u00dfte ich mir etwas zu Essen besorgen, schob mein Rad in einen Supermarkt und die Kassiererin, wehrte mich zuerst ab, sah aber mein sorgenvolles &#8222;oh mein Fahrrad&#8220; und erlaubte mir das Rad vorne an der Kasse abzustellen.<br \/>\nOb ich allein unterwegs sei, von wo ich komme usw. Und ich? Muffig. Warum? Es war das unausgesprochene &#8222;Allein geht gaarnich&#8220;, was sie aber h\u00f6chstwahrscheinlich gar nicht meinte. Ich sage zwar, dass man in Europa \u00fcberall nette Leute trifft, aber das mit einer Hackfresse und die war noch so superfreunlich gewesen&#8230;.Irgendwann bekam ich die Kurve. Ich pers\u00f6nlich stehe auf auftauende Muffk\u00f6pfe, trotzdem tuts mir leid, ihre Freundlichkeit anf\u00e4nglich so gewechselt zu haben.<br \/>\nDer innere Klugschei\u00dfer, k\u00f6nnte jetzt sogar eine schneidende Formulierung f\u00fcr dieses &#8222;Versagen&#8220; finden, aber &#8222;I am, what I am&#8220;, was nicht stimmt: Ich sind immer viele, ist ja ne olle Kamelle.<br \/>\nDas ist das eigentliche Thema f\u00fcr mich. Wenn ich jetzt beschreibe und mir irgendetwas vornehme, als Objekt habe also, also meine objektiv zu sein, wenn ich zum Beispiel &#8222;den Engl\u00e4nder&#8220; nehme, oder wenn ich nur ansatzweise die M\u00e4nner, mit dunkler Hautfarbe beschreibe, die \u00fcberall in der N\u00e4he vom Hafen in Calais sich aufhalten, immer ist es Quatsch, immer M\u00fcll, fern vom Erleben, kalter Kaffee: Das Ich und die anderen.<br \/>\nWenn ich die Historie von irgendetwas aufbereite, immer hat es ein F\u00e4rbung, einen Haufen Wertung oder Politik, immer ist das &#8222;Storytelling&#8220; nix weiter als Zeitvertreib, der Fingerzeig auf den &#8222;anderen&#8220;, immer ist das &#8222;Immer die andern, wie soll es anders sein&#8220; ein wunderbarer Songtext von der Kleingeldprinzessin Dota&#8230;Kehr<br \/>\n<div id=\"attachment_578\" style=\"width: 179px\" class=\"wp-caption alignnone\"><a href=\"http:\/\/wendelwillweiter.de\/wordpress\/wp-content\/uploads\/2016\/07\/P_20160709_215857-e1468176301870.jpg\"><img loading=\"lazy\" decoding=\"async\" aria-describedby=\"caption-attachment-578\" src=\"http:\/\/wendelwillweiter.de\/wordpress\/wp-content\/uploads\/2016\/07\/P_20160709_215857-e1468176301870-169x300.jpg\" alt=\"Ankunft in D\u00fcnkirchen\" width=\"169\" height=\"300\" class=\"size-medium wp-image-578\" srcset=\"https:\/\/wendelwillweiter.de\/wordpress\/wp-content\/uploads\/2016\/07\/P_20160709_215857-e1468176301870-169x300.jpg 169w, https:\/\/wendelwillweiter.de\/wordpress\/wp-content\/uploads\/2016\/07\/P_20160709_215857-e1468176301870-768x1365.jpg 768w, https:\/\/wendelwillweiter.de\/wordpress\/wp-content\/uploads\/2016\/07\/P_20160709_215857-e1468176301870-576x1024.jpg 576w, https:\/\/wendelwillweiter.de\/wordpress\/wp-content\/uploads\/2016\/07\/P_20160709_215857-e1468176301870-624x1109.jpg 624w, https:\/\/wendelwillweiter.de\/wordpress\/wp-content\/uploads\/2016\/07\/P_20160709_215857-e1468176301870.jpg 1836w\" sizes=\"auto, (max-width: 169px) 100vw, 169px\" \/><\/a><p id=\"caption-attachment-578\" class=\"wp-caption-text\">Ankunft in D\u00fcnkirchen<\/p><\/div><\/p>\n<p>Die Lautsprecherdurchsage kommt: Die Duty Free Shops schlie\u00dfen. Die Kaffefahrt ist vorbei und wann erreichen wir Dover?<br \/>\nDie M\u00e4nner an der Bar sprechen Cockney, glaube ich, in jedem Satz ist ein &#8222;Boing&#8220; oder &#8222;oing&#8220;. Mir hat mal jemand erz\u00e4hlt, dass Alfred, der Butler von Batman, ganz wunderbar im Originalfilm Cockney, den Dialekt in und um London, spricht. Wie hei\u00dft der Schauspieler? Sir&#8230;..oder ist er noch nicht Ritter geworden? Erhebung in den Ritterstand. Geil. Gibt&#8217;s sogar in Italien. Cavalliere della Republica. Berlusconi ist einer und Colnago, der Rennradhersteller. Endlich wir sind wieder beim Fahrrad angekommen. In England immer noch nicht.<br \/>\nHoffentlich schaffe ich es bald, wie die Fotos, die durch ein noch so kleines Objektiv, aber eben eins, in mein Handy gekrochen sind, objektiv zu beschreiben, was ich erlebe; das w\u00fcnscht sich der Konsument zu Hause, daf\u00fcr schreibt man: Den Menschen vom Begegnen fernhalten und ihm die &#8222;anderen&#8220; zu servieren.<br \/>\nFortsetzung folgt: Auf &#8222;I am what I am&#8220; folgt &#8222;I always love you&#8220;.<\/p>\n","protected":false},"excerpt":{"rendered":"<p>Bin gerade auf der F\u00e4hre von Calais nach Dover, aber das Unmittelbare ist hier nicht m\u00f6glich: Kein Internet. Wo fang ich an? Gestern? Gestern habe ich mich zwar gemeldet, aber da waren keine Erfolgsmeldungen dabei, keine Leistungsanzeigen, nix von all &hellip; <a href=\"https:\/\/www.wendelwillweiter.de\/?p=576\">Weiterlesen <span class=\"meta-nav\">&rarr;<\/span><\/a><\/p>\n","protected":false},"author":1,"featured_media":0,"comment_status":"open","ping_status":"open","sticky":false,"template":"","format":"standard","meta":{"footnotes":""},"categories":[1,10,5],"tags":[],"class_list":["post-576","post","type-post","status-publish","format-standard","hentry","category-allgemein","category-le-tour-deurope","category-reisen"],"_links":{"self":[{"href":"https:\/\/www.wendelwillweiter.de\/index.php?rest_route=\/wp\/v2\/posts\/576","targetHints":{"allow":["GET"]}}],"collection":[{"href":"https:\/\/www.wendelwillweiter.de\/index.php?rest_route=\/wp\/v2\/posts"}],"about":[{"href":"https:\/\/www.wendelwillweiter.de\/index.php?rest_route=\/wp\/v2\/types\/post"}],"author":[{"embeddable":true,"href":"https:\/\/www.wendelwillweiter.de\/index.php?rest_route=\/wp\/v2\/users\/1"}],"replies":[{"embeddable":true,"href":"https:\/\/www.wendelwillweiter.de\/index.php?rest_route=%2Fwp%2Fv2%2Fcomments&post=576"}],"version-history":[{"count":2,"href":"https:\/\/www.wendelwillweiter.de\/index.php?rest_route=\/wp\/v2\/posts\/576\/revisions"}],"predecessor-version":[{"id":580,"href":"https:\/\/www.wendelwillweiter.de\/index.php?rest_route=\/wp\/v2\/posts\/576\/revisions\/580"}],"wp:attachment":[{"href":"https:\/\/www.wendelwillweiter.de\/index.php?rest_route=%2Fwp%2Fv2%2Fmedia&parent=576"}],"wp:term":[{"taxonomy":"category","embeddable":true,"href":"https:\/\/www.wendelwillweiter.de\/index.php?rest_route=%2Fwp%2Fv2%2Fcategories&post=576"},{"taxonomy":"post_tag","embeddable":true,"href":"https:\/\/www.wendelwillweiter.de\/index.php?rest_route=%2Fwp%2Fv2%2Ftags&post=576"}],"curies":[{"name":"wp","href":"https:\/\/api.w.org\/{rel}","templated":true}]}}