{"id":571,"date":"2016-07-09T11:37:59","date_gmt":"2016-07-09T09:37:59","guid":{"rendered":"http:\/\/www.wendelwillweiter.de\/?p=571"},"modified":"2016-08-14T00:05:53","modified_gmt":"2016-08-13T22:05:53","slug":"bruessel-9-8-1130","status":"publish","type":"post","link":"https:\/\/www.wendelwillweiter.de\/?p=571","title":{"rendered":"Br\u00fcssel 9.8 11:30"},"content":{"rendered":"<p>Vorurteile:<br \/>\nImmer gedacht, Br\u00fcssel sei flach. Quatsch. Gegenwind ist immer noch.Freilich auch nicht grunds\u00e4tzlich. Die Abenteuer lassen auf sich warten, aber das Wetter ist sch\u00f6n.<\/p>\n","protected":false},"excerpt":{"rendered":"<p>Vorurteile: Immer gedacht, Br\u00fcssel sei flach. Quatsch. Gegenwind ist immer noch.Freilich auch nicht grunds\u00e4tzlich. Die Abenteuer lassen auf sich warten, aber das Wetter ist sch\u00f6n.<\/p>\n","protected":false},"author":1,"featured_media":0,"comment_status":"open","ping_status":"open","sticky":false,"template":"","format":"standard","meta":{"footnotes":""},"categories":[1,10,5],"tags":[],"class_list":["post-571","post","type-post","status-publish","format-standard","hentry","category-allgemein","category-le-tour-deurope","category-reisen"],"_links":{"self":[{"href":"https:\/\/www.wendelwillweiter.de\/index.php?rest_route=\/wp\/v2\/posts\/571","targetHints":{"allow":["GET"]}}],"collection":[{"href":"https:\/\/www.wendelwillweiter.de\/index.php?rest_route=\/wp\/v2\/posts"}],"about":[{"href":"https:\/\/www.wendelwillweiter.de\/index.php?rest_route=\/wp\/v2\/types\/post"}],"author":[{"embeddable":true,"href":"https:\/\/www.wendelwillweiter.de\/index.php?rest_route=\/wp\/v2\/users\/1"}],"replies":[{"embeddable":true,"href":"https:\/\/www.wendelwillweiter.de\/index.php?rest_route=%2Fwp%2Fv2%2Fcomments&post=571"}],"version-history":[{"count":1,"href":"https:\/\/www.wendelwillweiter.de\/index.php?rest_route=\/wp\/v2\/posts\/571\/revisions"}],"predecessor-version":[{"id":572,"href":"https:\/\/www.wendelwillweiter.de\/index.php?rest_route=\/wp\/v2\/posts\/571\/revisions\/572"}],"wp:attachment":[{"href":"https:\/\/www.wendelwillweiter.de\/index.php?rest_route=%2Fwp%2Fv2%2Fmedia&parent=571"}],"wp:term":[{"taxonomy":"category","embeddable":true,"href":"https:\/\/www.wendelwillweiter.de\/index.php?rest_route=%2Fwp%2Fv2%2Fcategories&post=571"},{"taxonomy":"post_tag","embeddable":true,"href":"https:\/\/www.wendelwillweiter.de\/index.php?rest_route=%2Fwp%2Fv2%2Ftags&post=571"}],"curies":[{"name":"wp","href":"https:\/\/api.w.org\/{rel}","templated":true}]}}