{"id":556,"date":"2016-07-08T23:55:42","date_gmt":"2016-07-08T21:55:42","guid":{"rendered":"http:\/\/www.wendelwillweiter.de\/?p=556"},"modified":"2016-08-14T00:05:53","modified_gmt":"2016-08-13T22:05:53","slug":"leuven","status":"publish","type":"post","link":"https:\/\/www.wendelwillweiter.de\/?p=556","title":{"rendered":"Leuven 8.7"},"content":{"rendered":"<p><a href=\"http:\/\/wendelwillweiter.de\/wordpress\/wp-content\/uploads\/2016\/07\/Screenshot_2016-07-08-21-45-40_1.jpg\"><img loading=\"lazy\" decoding=\"async\" src=\"http:\/\/wendelwillweiter.de\/wordpress\/wp-content\/uploads\/2016\/07\/Screenshot_2016-07-08-21-45-40_1-300x166.jpg\" alt=\"Screenshot_2016-07-08-21-45-40_1\" width=\"300\" height=\"166\" class=\"alignnone size-medium wp-image-557\" srcset=\"https:\/\/wendelwillweiter.de\/wordpress\/wp-content\/uploads\/2016\/07\/Screenshot_2016-07-08-21-45-40_1-300x166.jpg 300w, https:\/\/wendelwillweiter.de\/wordpress\/wp-content\/uploads\/2016\/07\/Screenshot_2016-07-08-21-45-40_1-768x424.jpg 768w, https:\/\/wendelwillweiter.de\/wordpress\/wp-content\/uploads\/2016\/07\/Screenshot_2016-07-08-21-45-40_1-1024x565.jpg 1024w, https:\/\/wendelwillweiter.de\/wordpress\/wp-content\/uploads\/2016\/07\/Screenshot_2016-07-08-21-45-40_1-624x344.jpg 624w, https:\/\/wendelwillweiter.de\/wordpress\/wp-content\/uploads\/2016\/07\/Screenshot_2016-07-08-21-45-40_1.jpg 1102w\" sizes=\"auto, (max-width: 300px) 100vw, 300px\" \/><\/a><br \/>\nHab doch noch ein paar Kilometer geschafft, 194. Kurz vor  Leuven aber die &#8222;Pappe auf gehabt&#8220;. Stetiger in  meinen Ohren rauschender Gegenwind, sehr viel auf Nationalstrassen, deren Autoverkehr mein Geh\u00f6rorgang total durcheinander brachte. Hei\u00dft ja, das alte Leute, von einem Haufen Krach richtig Kirre gemacht werden, die k\u00f6nnen das nicht so gut filtern.<br \/>\nAber sehr froh hier zu sein.<br \/>\n<div id=\"attachment_558\" style=\"width: 179px\" class=\"wp-caption alignnone\"><a href=\"http:\/\/wendelwillweiter.de\/wordpress\/wp-content\/uploads\/2016\/07\/P_20160708_221937-e1468014862508.jpg\"><img loading=\"lazy\" decoding=\"async\" aria-describedby=\"caption-attachment-558\" src=\"http:\/\/wendelwillweiter.de\/wordpress\/wp-content\/uploads\/2016\/07\/P_20160708_221937-e1468014862508-169x300.jpg\" alt=\"Jpeg\" width=\"169\" height=\"300\" class=\"size-medium wp-image-558\" srcset=\"https:\/\/wendelwillweiter.de\/wordpress\/wp-content\/uploads\/2016\/07\/P_20160708_221937-e1468014862508-169x300.jpg 169w, https:\/\/wendelwillweiter.de\/wordpress\/wp-content\/uploads\/2016\/07\/P_20160708_221937-e1468014862508-768x1365.jpg 768w, https:\/\/wendelwillweiter.de\/wordpress\/wp-content\/uploads\/2016\/07\/P_20160708_221937-e1468014862508-576x1024.jpg 576w, https:\/\/wendelwillweiter.de\/wordpress\/wp-content\/uploads\/2016\/07\/P_20160708_221937-e1468014862508-624x1109.jpg 624w, https:\/\/wendelwillweiter.de\/wordpress\/wp-content\/uploads\/2016\/07\/P_20160708_221937-e1468014862508.jpg 1836w\" sizes=\"auto, (max-width: 169px) 100vw, 169px\" \/><\/a><p id=\"caption-attachment-558\" class=\"wp-caption-text\">Jpeg<\/p><\/div><\/p>\n<p>Eine Stadt voller prallem Leben. Eben durch die historischen Gassen flaniert, was manchmal nicht so leicht ist; wie im S\u00fcden stehen hier gedeckte Tische, bzw. kulinarische Schlachtfelder mit, zufrieden sich unterhaltenen Menschen dran, herum. Viele Pl\u00e4tze waren zu einer dr\u00f6hnend, stampfenden Disse umfunktioniert. Die Menschen strahlten alle eine Unbeschwertheit aus, die ich ohne mitzumachen genie\u00dfen konnte.<br \/>\nLohnt sich hierhin zu kommen.<\/p>\n","protected":false},"excerpt":{"rendered":"<p>Hab doch noch ein paar Kilometer geschafft, 194. Kurz vor Leuven aber die &#8222;Pappe auf gehabt&#8220;. Stetiger in meinen Ohren rauschender Gegenwind, sehr viel auf Nationalstrassen, deren Autoverkehr mein Geh\u00f6rorgang total durcheinander brachte. Hei\u00dft ja, das alte Leute, von einem &hellip; <a href=\"https:\/\/www.wendelwillweiter.de\/?p=556\">Weiterlesen <span class=\"meta-nav\">&rarr;<\/span><\/a><\/p>\n","protected":false},"author":1,"featured_media":0,"comment_status":"open","ping_status":"open","sticky":false,"template":"","format":"standard","meta":{"footnotes":""},"categories":[1,10,5],"tags":[],"class_list":["post-556","post","type-post","status-publish","format-standard","hentry","category-allgemein","category-le-tour-deurope","category-reisen"],"_links":{"self":[{"href":"https:\/\/www.wendelwillweiter.de\/index.php?rest_route=\/wp\/v2\/posts\/556","targetHints":{"allow":["GET"]}}],"collection":[{"href":"https:\/\/www.wendelwillweiter.de\/index.php?rest_route=\/wp\/v2\/posts"}],"about":[{"href":"https:\/\/www.wendelwillweiter.de\/index.php?rest_route=\/wp\/v2\/types\/post"}],"author":[{"embeddable":true,"href":"https:\/\/www.wendelwillweiter.de\/index.php?rest_route=\/wp\/v2\/users\/1"}],"replies":[{"embeddable":true,"href":"https:\/\/www.wendelwillweiter.de\/index.php?rest_route=%2Fwp%2Fv2%2Fcomments&post=556"}],"version-history":[{"count":6,"href":"https:\/\/www.wendelwillweiter.de\/index.php?rest_route=\/wp\/v2\/posts\/556\/revisions"}],"predecessor-version":[{"id":564,"href":"https:\/\/www.wendelwillweiter.de\/index.php?rest_route=\/wp\/v2\/posts\/556\/revisions\/564"}],"wp:attachment":[{"href":"https:\/\/www.wendelwillweiter.de\/index.php?rest_route=%2Fwp%2Fv2%2Fmedia&parent=556"}],"wp:term":[{"taxonomy":"category","embeddable":true,"href":"https:\/\/www.wendelwillweiter.de\/index.php?rest_route=%2Fwp%2Fv2%2Fcategories&post=556"},{"taxonomy":"post_tag","embeddable":true,"href":"https:\/\/www.wendelwillweiter.de\/index.php?rest_route=%2Fwp%2Fv2%2Ftags&post=556"}],"curies":[{"name":"wp","href":"https:\/\/api.w.org\/{rel}","templated":true}]}}