{"id":553,"date":"2016-07-08T15:13:44","date_gmt":"2016-07-08T13:13:44","guid":{"rendered":"http:\/\/www.wendelwillweiter.de\/?p=553"},"modified":"2016-08-14T00:05:53","modified_gmt":"2016-08-13T22:05:53","slug":"maastricht","status":"publish","type":"post","link":"https:\/\/www.wendelwillweiter.de\/?p=553","title":{"rendered":"Maastricht"},"content":{"rendered":"<p>Ha, da waren ja schon wieder diese Redundanzen im vorhergehenden Eintrag&#8230;.still und gebannt*2<br \/>\nMu\u00df ein echter Dachschaden sein, den ich da habe. Habe mir den Text gestern f\u00fcnfmal angeschaut und den Quatsch nicht gemerkt.<br \/>\nGerade in Maastricht, m\u00fc\u00dften so ca. 120 bis 130 km sein, die ich bisher gefahren bin, wei\u00df es nicht, weil ich den Navi erst ab Bliesheim habe aufzeichnen lassen.<br \/>\nSch\u00f6n war es da.<br \/>\n<div id=\"attachment_554\" style=\"width: 310px\" class=\"wp-caption alignnone\"><a href=\"http:\/\/wendelwillweiter.de\/wordpress\/wp-content\/uploads\/2016\/07\/P_20160708_091208.jpg\"><img loading=\"lazy\" decoding=\"async\" aria-describedby=\"caption-attachment-554\" src=\"http:\/\/wendelwillweiter.de\/wordpress\/wp-content\/uploads\/2016\/07\/P_20160708_091208-300x169.jpg\" alt=\"Jpeg\" width=\"300\" height=\"169\" class=\"size-medium wp-image-554\" srcset=\"https:\/\/wendelwillweiter.de\/wordpress\/wp-content\/uploads\/2016\/07\/P_20160708_091208-300x169.jpg 300w, https:\/\/wendelwillweiter.de\/wordpress\/wp-content\/uploads\/2016\/07\/P_20160708_091208-768x432.jpg 768w, https:\/\/wendelwillweiter.de\/wordpress\/wp-content\/uploads\/2016\/07\/P_20160708_091208-1024x576.jpg 1024w, https:\/\/wendelwillweiter.de\/wordpress\/wp-content\/uploads\/2016\/07\/P_20160708_091208-624x351.jpg 624w\" sizes=\"auto, (max-width: 300px) 100vw, 300px\" \/><\/a><p id=\"caption-attachment-554\" class=\"wp-caption-text\">Jpeg<\/p><\/div><\/p>\n<p>Ein Reiher stand auf dem schmalen Weg und lie\u00df mich so nah ran kommen, dass ich mich h\u00e4tte vorstellen k\u00f6nnen:<br \/>\nTag Reiher<br \/>\nAngenehm Meyer<br \/>\nIm Ernst,so nah habe ich noch nie einen gesehen. War ganz angetan davon, wie er seine Fl\u00fcgel sortierte und die Biegung seines Halses sah aus, als wenn sie ein genialer Desinger kreirt h\u00e4tte.<br \/>\nSonst fiel mir bemerkenswerter Weise ein, dass man f\u00fcr die n\u00e4chste WM Kondome in schwarzrotgold auf den Markt bringen sollte. Oder gibt\u02cbs das schon?<br \/>\nDie Wegf\u00fchrung bisher macht Spass. Viele kleine Feldwege, glatter Asphalt meistens, aber wenig Autos und Ampeln.<\/p>\n","protected":false},"excerpt":{"rendered":"<p>Ha, da waren ja schon wieder diese Redundanzen im vorhergehenden Eintrag&#8230;.still und gebannt*2 Mu\u00df ein echter Dachschaden sein, den ich da habe. Habe mir den Text gestern f\u00fcnfmal angeschaut und den Quatsch nicht gemerkt. Gerade in Maastricht, m\u00fc\u00dften so ca. &hellip; <a href=\"https:\/\/www.wendelwillweiter.de\/?p=553\">Weiterlesen <span class=\"meta-nav\">&rarr;<\/span><\/a><\/p>\n","protected":false},"author":1,"featured_media":0,"comment_status":"open","ping_status":"open","sticky":false,"template":"","format":"standard","meta":{"footnotes":""},"categories":[1,10,5],"tags":[],"class_list":["post-553","post","type-post","status-publish","format-standard","hentry","category-allgemein","category-le-tour-deurope","category-reisen"],"_links":{"self":[{"href":"https:\/\/www.wendelwillweiter.de\/index.php?rest_route=\/wp\/v2\/posts\/553","targetHints":{"allow":["GET"]}}],"collection":[{"href":"https:\/\/www.wendelwillweiter.de\/index.php?rest_route=\/wp\/v2\/posts"}],"about":[{"href":"https:\/\/www.wendelwillweiter.de\/index.php?rest_route=\/wp\/v2\/types\/post"}],"author":[{"embeddable":true,"href":"https:\/\/www.wendelwillweiter.de\/index.php?rest_route=\/wp\/v2\/users\/1"}],"replies":[{"embeddable":true,"href":"https:\/\/www.wendelwillweiter.de\/index.php?rest_route=%2Fwp%2Fv2%2Fcomments&post=553"}],"version-history":[{"count":1,"href":"https:\/\/www.wendelwillweiter.de\/index.php?rest_route=\/wp\/v2\/posts\/553\/revisions"}],"predecessor-version":[{"id":555,"href":"https:\/\/www.wendelwillweiter.de\/index.php?rest_route=\/wp\/v2\/posts\/553\/revisions\/555"}],"wp:attachment":[{"href":"https:\/\/www.wendelwillweiter.de\/index.php?rest_route=%2Fwp%2Fv2%2Fmedia&parent=553"}],"wp:term":[{"taxonomy":"category","embeddable":true,"href":"https:\/\/www.wendelwillweiter.de\/index.php?rest_route=%2Fwp%2Fv2%2Fcategories&post=553"},{"taxonomy":"post_tag","embeddable":true,"href":"https:\/\/www.wendelwillweiter.de\/index.php?rest_route=%2Fwp%2Fv2%2Ftags&post=553"}],"curies":[{"name":"wp","href":"https:\/\/api.w.org\/{rel}","templated":true}]}}