{"id":523,"date":"2016-04-16T21:32:03","date_gmt":"2016-04-16T19:32:03","guid":{"rendered":"http:\/\/www.wendelwillweiter.de\/?p=523"},"modified":"2016-04-16T21:32:03","modified_gmt":"2016-04-16T19:32:03","slug":"peinlichkeiten","status":"publish","type":"post","link":"https:\/\/www.wendelwillweiter.de\/?p=523","title":{"rendered":"Peinlichkeiten"},"content":{"rendered":"<p>Im\u00a0 vorhergehenden Eintrag fallen mir immer wieder Rechtschreibfehler und holpriger Satzbau auf.<br \/>\nSchon sieben mal ist etwas von mir ge\u00e4ndert worden, h\u00f6chstwahrscheinlich ist aber immer noch jede Menge drin an Ungereimten und orthografisch Falschem.<br \/>\nDabei ist mir der Text wichtig.<br \/>\nEr klingt sogar klugschei\u00dferisch, n\u00e4selnd, so, wie von einem, der sich f\u00fcr etwas besseres h\u00e4lt.<br \/>\nTrotzdem ist er mir wichtig.<br \/>\nBraucht man dann aber nicht \u00f6ffentlich zu machen?!<br \/>\nDoch. Und ich frag mich immer was es ist, dass gut schreibt und schlecht schreibt. Das &#8222;Ich&#8220; soll ja nur eine Illusion sein. Es schreibt, nicht ich. Das &#8222;Ich&#8220; allerdings ist verantwortlich.<br \/>\nDas &#8222;Ich&#8220; ist verantwortlich, l\u00e4\u00dft sich vernichten und feiern; das Es macht einfach alles.<br \/>\nEs gibt aber auch eine Weisheit, die vom &#8222;Ich und Du&#8220; und vom &#8222;Ich und Es&#8220; Verh\u00e4ltnis spricht.<br \/>\nDas &#8222;Ich wird am Du zum Ich&#8220; so hei\u00dft es bei Martin Buber. Im fernen Osten wird das &#8222;Ich&#8220; oft als Illusion beschrieben.<br \/>\nIch w\u00e4re dem Ich gerne ferne, meinem eigenen, auch den von anderen. Aber das &#8222;Du&#8220; zieht mich an. Auch, wenn es nicht so aussieht.<br \/>\nIch habe nicht gerne Menschen um mich, aber ich begegne ihnen sehr gerne.  <\/p>\n","protected":false},"excerpt":{"rendered":"<p>Im\u00a0 vorhergehenden Eintrag fallen mir immer wieder Rechtschreibfehler und holpriger Satzbau auf. Schon sieben mal ist etwas von mir ge\u00e4ndert worden, h\u00f6chstwahrscheinlich ist aber immer noch jede Menge drin an Ungereimten und orthografisch Falschem. Dabei ist mir der Text wichtig. &hellip; <a href=\"https:\/\/www.wendelwillweiter.de\/?p=523\">Weiterlesen <span class=\"meta-nav\">&rarr;<\/span><\/a><\/p>\n","protected":false},"author":1,"featured_media":0,"comment_status":"open","ping_status":"open","sticky":false,"template":"","format":"standard","meta":{"footnotes":""},"categories":[1],"tags":[],"class_list":["post-523","post","type-post","status-publish","format-standard","hentry","category-allgemein"],"_links":{"self":[{"href":"https:\/\/www.wendelwillweiter.de\/index.php?rest_route=\/wp\/v2\/posts\/523","targetHints":{"allow":["GET"]}}],"collection":[{"href":"https:\/\/www.wendelwillweiter.de\/index.php?rest_route=\/wp\/v2\/posts"}],"about":[{"href":"https:\/\/www.wendelwillweiter.de\/index.php?rest_route=\/wp\/v2\/types\/post"}],"author":[{"embeddable":true,"href":"https:\/\/www.wendelwillweiter.de\/index.php?rest_route=\/wp\/v2\/users\/1"}],"replies":[{"embeddable":true,"href":"https:\/\/www.wendelwillweiter.de\/index.php?rest_route=%2Fwp%2Fv2%2Fcomments&post=523"}],"version-history":[{"count":2,"href":"https:\/\/www.wendelwillweiter.de\/index.php?rest_route=\/wp\/v2\/posts\/523\/revisions"}],"predecessor-version":[{"id":525,"href":"https:\/\/www.wendelwillweiter.de\/index.php?rest_route=\/wp\/v2\/posts\/523\/revisions\/525"}],"wp:attachment":[{"href":"https:\/\/www.wendelwillweiter.de\/index.php?rest_route=%2Fwp%2Fv2%2Fmedia&parent=523"}],"wp:term":[{"taxonomy":"category","embeddable":true,"href":"https:\/\/www.wendelwillweiter.de\/index.php?rest_route=%2Fwp%2Fv2%2Fcategories&post=523"},{"taxonomy":"post_tag","embeddable":true,"href":"https:\/\/www.wendelwillweiter.de\/index.php?rest_route=%2Fwp%2Fv2%2Ftags&post=523"}],"curies":[{"name":"wp","href":"https:\/\/api.w.org\/{rel}","templated":true}]}}