{"id":479,"date":"2016-02-07T18:20:51","date_gmt":"2016-02-07T16:20:51","guid":{"rendered":"http:\/\/www.wendelwillweiter.de\/?p=479"},"modified":"2016-02-08T10:28:06","modified_gmt":"2016-02-08T08:28:06","slug":"done","status":"publish","type":"post","link":"https:\/\/www.wendelwillweiter.de\/?p=479","title":{"rendered":"Done"},"content":{"rendered":"<p><div id=\"attachment_482\" style=\"width: 179px\" class=\"wp-caption alignnone\"><a href=\"http:\/\/wendelwillweiter.de\/wordpress\/wp-content\/uploads\/2016\/02\/P_20160206_111642-1-e1454859715530.jpg\" rel=\"attachment wp-att-482\"><img loading=\"lazy\" decoding=\"async\" aria-describedby=\"caption-attachment-482\" src=\"http:\/\/wendelwillweiter.de\/wordpress\/wp-content\/uploads\/2016\/02\/P_20160206_111642-1-e1454859715530-169x300.jpg\" alt=\"Ich bin dann mal baden\" width=\"169\" height=\"300\" class=\"size-medium wp-image-482\" srcset=\"https:\/\/wendelwillweiter.de\/wordpress\/wp-content\/uploads\/2016\/02\/P_20160206_111642-1-e1454859715530-169x300.jpg 169w, https:\/\/wendelwillweiter.de\/wordpress\/wp-content\/uploads\/2016\/02\/P_20160206_111642-1-e1454859715530-768x1365.jpg 768w, https:\/\/wendelwillweiter.de\/wordpress\/wp-content\/uploads\/2016\/02\/P_20160206_111642-1-e1454859715530-576x1024.jpg 576w, https:\/\/wendelwillweiter.de\/wordpress\/wp-content\/uploads\/2016\/02\/P_20160206_111642-1-e1454859715530-624x1109.jpg 624w, https:\/\/wendelwillweiter.de\/wordpress\/wp-content\/uploads\/2016\/02\/P_20160206_111642-1-e1454859715530.jpg 1836w\" sizes=\"auto, (max-width: 169px) 100vw, 169px\" \/><\/a><p id=\"caption-attachment-482\" class=\"wp-caption-text\">Ich bin dann mal baden<\/p><\/div><br \/>\nDie Finger sind noch kalt. Fast f\u00fcrchte ich, dass sie, wenn sie wieder warm sind, in eine M\u00fcdigkeit zur\u00fcck fallen, die unangenehm-tr\u00e4ge ist. So lande ich wieder bei der Frage, was wirklich gut, angenehm, was das &#8222;gute Leben&#8220; ist.<br \/>\nAber von vorne:<br \/>\n0:50 fr\u00fch an Weiberfastnacht bin ich losgefahren mit meinem Fahrrad. Die Strassen waren leer.<br \/>\n&#8222;Die m\u00fcssen sich f\u00fcr Weiberfastnacht ausschlafen&#8220;, dachte ich. Oft ist mehr los in der Nacht vor einem arbeitsfreien Tag.<br \/>\nSchon auf der Kennedybr\u00fccke fielen die ersten Tropfen, in Dransdorf prasselte der Regen, in Bornheim gl\u00e4nzte die Regenjacke nass im trockenen Strassenlaternenlicht.<br \/>\nDann durch die Pampa r\u00fcber nach Bliesheim, aber \u00fcber Asphalt. Ich hatte den &#8222;direkten Weg&#8220; von Naviki.org korrigiert, aber \u00fcbersehen:<br \/>\nEin St\u00fcck mu\u00df ich am Ufer der Swist entlang \u00fcber den aufgeweichten L\u00f6sboden schliddern (L\u00f6s mutmasse ich; habe ich in der Grundschule so gelernt, dass das Vorgebirge aus L\u00f6s besteht)<br \/>\nIn N\u00f6rvenich ein Butterbrot und eine Tasse Kr\u00e4utertee aus der Thermoskanne um 3 Uhr 23, das war die erste Pause.<br \/>\nJetzt schwindet schon dier Erinnerung; wann kam Erfstadt?<br \/>\nWeit vor N\u00f6rvenich liegt Erfstadt, sehe ich gerade auf der Karte, Nachtfahrt halt, da kriege ich nicht soviel mit. Erftstadt fand ich bemerkenswert historisch-schick innendrin<br \/>\nUm 8:20 war ich am westlichsten Punkt Deutschlands, bei Sittard, dazwischen, noch einmal ein Viertelstundenpause mit hei\u00dfen Tee und ein Trockenaprikosen, Bananen, Apfel und Haferpampe, die ich selbstgemacht und jedem Energieriegel vorziehen werde, echt jut.<br \/>\nNoch ne Pause habe ich unterschlagen, in einer B\u00e4ckerei in Geilenkirchen. Die Frau hinter der Theke war konst\u00fcmiert, hatte aber auch gro\u00dfes Verst\u00e4ndnis f\u00fcr solche Jecken wie mich:<br \/>\n&#8222;Jeben sie die Flasche schon her. Isch fahr selber Fahrrad, da werden Flaschen halt dreckisch. Isch f\u00fcll ihnen die auf!&#8220;<br \/>\nEs sind nur wenige km, die ich durch die Niederlande fuhr, es ist fast das schmalste St\u00fcck Niederlande \u00fcberhaupt, das man von Grenze zu Grenze fahren kann. Da f\u00e4llt es besonders krass auf, wie die Bevorzugung von verschiedenen Bev\u00f6lkerungsgruppen durch die Grenzen eines Landes statt finden. F\u00fcr mich sp\u00fcrbar ist es in den Niederlanden die Gruppe der Radfahrer. Das wei\u00df nat\u00fcrlich jeder. Vielleicht bevorzugen die Niederlande einfach alle, den Autofahrern geht  es auch nicht schlecht, mit dem separierten Fahrradverkehr&#8230;.blo\u00df ihre &#8222;nat\u00fcrliche&#8220; Kraft des St\u00e4rkeren wird ein wenig mehr beschnitten als anderswo.<br \/>\nIn Maaseik geht es \u00fcber die Maas, schade, ich h\u00e4tte gerne einen kleineren Weg \u00fcber eine kleine F\u00e4hre weiter s\u00fcdlich genommen, aber die f\u00e4hrt im Winter nicht. (Da bin ich ein echter Bene(lux) Winterfahrradfahrer: Bei dem vielen Wasser immer bei der Routenplanung aufpassen; viele F\u00e4hren fahren winters nicht!)<br \/>\nDann f\u00e4ngt es wieder an zu regnen, der Gegenwind wird st\u00e4rker und st\u00e4rker wird der Autoverkehr. Wenn \u00fcberhaupt vorhanden, geht es auf  schlechteren Radwegen weiter, mit belgischen Autofahrern, f\u00fcr die der Sicherheitsabstand zum Fahrradfahrer ein unn\u00f6tiges Verkehrshindernis darstellt.<br \/>\nDer Landschaft ist nicht viel ab zugewinnen.<br \/>\nJa, sage ich; los das ist die M\u00f6glichkeit, dich selbst beim Tr\u00e4umen zu erwischen.<br \/>\nDer Mann der nur zwei Stunden Schlaf am Tag zuvor gehabt hat, sehnt sich nach Gedankenlosigkeit. Aber sie tauchen immer wieder auf, Vorurteile, Stereotypen, Hirnschi\u00df:<br \/>\nDer Belgier an und f\u00fcr sich, der Niederl\u00e4nder, die Tristheit der Landschaft, die H\u00e4\u00dflichkeit der Architektur.<br \/>\nAm Albertkanal wird es immer nerviger; dieses Transitland, nur gut zum Durchfahren und um Ware dadurch zu transportieren. Der Radweg ist oft einfach durch Bauarbeiten einfach unterbrochen, wird schlecht umgeleitet. Der Radfahrer im Regen und Gegenwind f\u00fchlt sich mi\u00dfhandelt und denkt dann, dass er es sich doch gar nicht anders vorgestellt hat; Gegenwind, mit nassem kalten Regen in einer Kanalw\u00fcstenschneise.<br \/>\n<div id=\"attachment_486\" style=\"width: 310px\" class=\"wp-caption alignnone\"><a href=\"http:\/\/wendelwillweiter.de\/wordpress\/wp-content\/uploads\/2016\/02\/P_20160204_124754.jpg\" rel=\"attachment wp-att-486\"><img loading=\"lazy\" decoding=\"async\" aria-describedby=\"caption-attachment-486\" src=\"http:\/\/wendelwillweiter.de\/wordpress\/wp-content\/uploads\/2016\/02\/P_20160204_124754-300x169.jpg\" alt=\"Jpeg\" width=\"300\" height=\"169\" class=\"size-medium wp-image-486\" srcset=\"https:\/\/wendelwillweiter.de\/wordpress\/wp-content\/uploads\/2016\/02\/P_20160204_124754-300x169.jpg 300w, https:\/\/wendelwillweiter.de\/wordpress\/wp-content\/uploads\/2016\/02\/P_20160204_124754-768x432.jpg 768w, https:\/\/wendelwillweiter.de\/wordpress\/wp-content\/uploads\/2016\/02\/P_20160204_124754-1024x576.jpg 1024w, https:\/\/wendelwillweiter.de\/wordpress\/wp-content\/uploads\/2016\/02\/P_20160204_124754-624x351.jpg 624w\" sizes=\"auto, (max-width: 300px) 100vw, 300px\" \/><\/a><p id=\"caption-attachment-486\" class=\"wp-caption-text\">Jpeg<\/p><\/div><br \/>\nDer Radfahrer wird zwanghaft und rechnet an den Kilometern und am Durchschnitt herum. Der Radfahrer denkt Ein- und Ausatmen, denkt, einfach nur treten&#8230;&#8230;&#8230;.<br \/>\nSchei\u00dfe; ich schreibe gerade in einer sch\u00f6n leeren Hinter-der-D\u00fcne-Restauration in Vrouwenpolder, Zeeland, NL und jetzt sind zwei deutsche Damen herein gekommen, die sich laut \u00fcber die teuren Preise auf der Speisekarte unterhalten usw. jetzt sind sie gerade bei ihren eigene Kochrezepten, jetzt der Blutdruck, heute morgen 210&#8230;..<\/p>\n<p>Ich am Albertkanal. Wie schon so oft geschrieben, den Wind kalt, mit Regen, voll in die Fresse und&#8230;..Treten, Rollen, Radfahren&#8230;..es klappt nicht, <\/p>\n<p>&#8230;&#8230;.jetzt unterhalten sich die beiden \u00e4lteren Damen \u00fcber Antibabypillen&#8230;..&#8220;ich habe bis 65 genommen&#8220;&#8230;&#8230;&#8220;wie lange?&#8220;&#8230;&#8220;ich hatte meine Periode bis 65&#8243;&#8230;&#8230;..&#8220;Au&#8220;, sagt die andere&#8230;.<\/p>\n<p>Aber die Erkenntnis vom Albertkanal ist: Ich will es immer wieder. Ich will die Widrigkeit, ich will den direkten Weg mit seinen \u00dcberraschungen, wenn es nicht die ausbleibende F\u00e4hre ist.<br \/>\nIn der Perepherie von Antwerpen gebe ich dass Ziel auf, die Batterie ist leer, auch nach einer gro\u00dfen Pommes ist es klar; ich mu\u00df an Land gehen.<\/p>\n<p>Der Navi sucht: &#8222;Unterkunft, alle Kategorien&#8220;. Das n\u00e4chste ist das &#8222;City Hotel&#8220;, oder so \u00e4hnlich, ein h\u00e4\u00dfliches 70zigerJahre Geb\u00e4ude noch 4 km; der Navi routet mich dahin.<br \/>\nOb ich mein Rad mit aufs Zimmer nehmen m\u00f6chte? Tja, so sind die Belgier, ein Mann nimmt sein Fahrrad mit aufs Zimmer. Ich zeige meine verschlammten Schuhe, weise darauf hin, dass mein Fahrrad noch schmutziger ist und bekomme eine Chipkarte f\u00fcr die Tiefgarage.<br \/>\nEs ist 17:40 als ich den Navi ausmache, 228 km mit einem Schnitt von 18 km\/h soll ich gefahren sein. Nicht schlecht, denke ich mir, mit dem Gep\u00e4ck und den Widrigkeiten, denke ich nicht, denn ich bin komat\u00f6s. Ich dusche nicht einmal. Ich kann den R\u00fccken nicht richtig beugen. Aber ich habe einen Schlafanzug angezogen. Wache aber wieder auf, Wecker einstellen, Tee kochen, etwas trinken, weiter schlafen.<br \/>\n<div id=\"attachment_487\" style=\"width: 310px\" class=\"wp-caption alignnone\"><a href=\"http:\/\/wendelwillweiter.de\/wordpress\/wp-content\/uploads\/2016\/02\/P_20160205_080857.jpg\" rel=\"attachment wp-att-487\"><img loading=\"lazy\" decoding=\"async\" aria-describedby=\"caption-attachment-487\" src=\"http:\/\/wendelwillweiter.de\/wordpress\/wp-content\/uploads\/2016\/02\/P_20160205_080857-300x169.jpg\" alt=\"Jpeg\" width=\"300\" height=\"169\" class=\"size-medium wp-image-487\" srcset=\"https:\/\/wendelwillweiter.de\/wordpress\/wp-content\/uploads\/2016\/02\/P_20160205_080857-300x169.jpg 300w, https:\/\/wendelwillweiter.de\/wordpress\/wp-content\/uploads\/2016\/02\/P_20160205_080857-768x432.jpg 768w, https:\/\/wendelwillweiter.de\/wordpress\/wp-content\/uploads\/2016\/02\/P_20160205_080857-1024x576.jpg 1024w, https:\/\/wendelwillweiter.de\/wordpress\/wp-content\/uploads\/2016\/02\/P_20160205_080857-624x351.jpg 624w\" sizes=\"auto, (max-width: 300px) 100vw, 300px\" \/><\/a><p id=\"caption-attachment-487\" class=\"wp-caption-text\">Jpeg<\/p><\/div><\/p>\n<p>Beim Fr\u00fchst\u00fcck, lauter Rheinl\u00e4nder. Karnevalsfl\u00fcchtlinge? Von den Tischen schwappt der \u00fcberbordene Humor zu mir her\u00fcber, aber er f\u00fchlt sich nicht schlimm an. Eine Dame beschwert sich \u00fcber ihre Gatten, der die eine Bettdecke, die man sich teilen mu\u00dfte, ganz f\u00fcr sich vereinahmte und dann gleichzeit im Doppelbett immer weiter &#8222;her\u00fcberkam&#8220;. <\/p>\n<p>&#8222;Wat beschw\u00e4rste Dich. H\u00e4steja aussteijen und hinne wieder einsteijen k\u00fcnne.&#8220; Und wie ein Karnevalstusch lacht der Herr als erster \u00fcber seinen eigenen Witz.<br \/>\n<a href=\"http:\/\/wendelwillweiter.de\/wordpress\/wp-content\/uploads\/2016\/02\/P_20160205_090756-e1454860309324.jpg\" rel=\"attachment wp-att-488\"><img loading=\"lazy\" decoding=\"async\" src=\"http:\/\/wendelwillweiter.de\/wordpress\/wp-content\/uploads\/2016\/02\/P_20160205_090756-e1454860309324-169x300.jpg\" alt=\"tram\" width=\"169\" height=\"300\" class=\"alignnone size-medium wp-image-488\" srcset=\"https:\/\/wendelwillweiter.de\/wordpress\/wp-content\/uploads\/2016\/02\/P_20160205_090756-e1454860309324-169x300.jpg 169w, https:\/\/wendelwillweiter.de\/wordpress\/wp-content\/uploads\/2016\/02\/P_20160205_090756-e1454860309324-768x1365.jpg 768w, https:\/\/wendelwillweiter.de\/wordpress\/wp-content\/uploads\/2016\/02\/P_20160205_090756-e1454860309324-576x1024.jpg 576w, https:\/\/wendelwillweiter.de\/wordpress\/wp-content\/uploads\/2016\/02\/P_20160205_090756-e1454860309324-624x1109.jpg 624w, https:\/\/wendelwillweiter.de\/wordpress\/wp-content\/uploads\/2016\/02\/P_20160205_090756-e1454860309324.jpg 1836w\" sizes=\"auto, (max-width: 169px) 100vw, 169px\" \/><\/a><br \/>\nIm Nu bin ich an der Schelde. Der Navi wei\u00dft einen Track \u00fcbers Wasser. Ich wei\u00df hier ist der Sint Anna Tunnel, aber ich finde den Eingang nicht. Ich h\u00e4tte nur einmal genau auf die Karte gucken m\u00fcssen, aber ich frage lieber ein paar Leute.<br \/>\n&#8222;Take the escalator, not the lift! It&#8217;s a piece of history!&#8220; und der Herr zeigt mir, wie ich den Lenker auf der Rolltreppe quer stellen soll.<br \/>\n<div id=\"attachment_489\" style=\"width: 310px\" class=\"wp-caption alignnone\"><a href=\"http:\/\/wendelwillweiter.de\/wordpress\/wp-content\/uploads\/2016\/02\/P_20160205_093319.jpg\" rel=\"attachment wp-att-489\"><img loading=\"lazy\" decoding=\"async\" aria-describedby=\"caption-attachment-489\" src=\"http:\/\/wendelwillweiter.de\/wordpress\/wp-content\/uploads\/2016\/02\/P_20160205_093319-300x169.jpg\" alt=\"Jpeg\" width=\"300\" height=\"169\" class=\"size-medium wp-image-489\" srcset=\"https:\/\/wendelwillweiter.de\/wordpress\/wp-content\/uploads\/2016\/02\/P_20160205_093319-300x169.jpg 300w, https:\/\/wendelwillweiter.de\/wordpress\/wp-content\/uploads\/2016\/02\/P_20160205_093319-768x432.jpg 768w, https:\/\/wendelwillweiter.de\/wordpress\/wp-content\/uploads\/2016\/02\/P_20160205_093319-1024x576.jpg 1024w, https:\/\/wendelwillweiter.de\/wordpress\/wp-content\/uploads\/2016\/02\/P_20160205_093319-624x351.jpg 624w\" sizes=\"auto, (max-width: 300px) 100vw, 300px\" \/><\/a><p id=\"caption-attachment-489\" class=\"wp-caption-text\">Jpeg<\/p><\/div><br \/>\nWahnsinn! \u00c4hnlich steil und lang wie in der Budapester U-Bahn f\u00fchren hier zwei Rolltreppen aus Holz zu einem gut 500 m langen Tunnel unter der Schelde. Fahrrad auf der Rolltreppe. Das ist in Deutschland \u00fcberall verboten, hier machen das alle. Lebe wild und gef\u00e4hrlich, geh nach Belgien, go West, \u00fcber den westlichsten Punkt Deutschlands hinaus!<br \/>\n<div id=\"attachment_490\" style=\"width: 310px\" class=\"wp-caption alignnone\"><a href=\"http:\/\/wendelwillweiter.de\/wordpress\/wp-content\/uploads\/2016\/02\/P_20160205_093518.jpg\" rel=\"attachment wp-att-490\"><img loading=\"lazy\" decoding=\"async\" aria-describedby=\"caption-attachment-490\" src=\"http:\/\/wendelwillweiter.de\/wordpress\/wp-content\/uploads\/2016\/02\/P_20160205_093518-300x169.jpg\" alt=\"Jpeg\" width=\"300\" height=\"169\" class=\"size-medium wp-image-490\" srcset=\"https:\/\/wendelwillweiter.de\/wordpress\/wp-content\/uploads\/2016\/02\/P_20160205_093518-300x169.jpg 300w, https:\/\/wendelwillweiter.de\/wordpress\/wp-content\/uploads\/2016\/02\/P_20160205_093518-768x432.jpg 768w, https:\/\/wendelwillweiter.de\/wordpress\/wp-content\/uploads\/2016\/02\/P_20160205_093518-1024x576.jpg 1024w, https:\/\/wendelwillweiter.de\/wordpress\/wp-content\/uploads\/2016\/02\/P_20160205_093518-624x351.jpg 624w\" sizes=\"auto, (max-width: 300px) 100vw, 300px\" \/><\/a><p id=\"caption-attachment-490\" class=\"wp-caption-text\">Jpeg<\/p><\/div><br \/>\nAntwerpen ist auf der anderen Seite schnell vorbei, der Wind kommt weiterhin von vorne, manchmal von der Seite.<br \/>\nDie Bene(lux)grenze bemerke ich gar nicht, ging durch ein W\u00e4ldchen der Weg (und es ist wichtig sich die W\u00e4ldchen und Hecken zu merken, die so effizient den Wind abhalten, selbst, wenn sie kein Laub tragen).<br \/>\n<a href=\"http:\/\/wendelwillweiter.de\/wordpress\/wp-content\/uploads\/2016\/02\/P_20160205_115550_1.jpg\" rel=\"attachment wp-att-485\"><img loading=\"lazy\" decoding=\"async\" src=\"http:\/\/wendelwillweiter.de\/wordpress\/wp-content\/uploads\/2016\/02\/P_20160205_115550_1-186x300.jpg\" alt=\"P_20160205_115550_1\" width=\"186\" height=\"300\" class=\"alignnone size-medium wp-image-485\" srcset=\"https:\/\/wendelwillweiter.de\/wordpress\/wp-content\/uploads\/2016\/02\/P_20160205_115550_1-186x300.jpg 186w, https:\/\/wendelwillweiter.de\/wordpress\/wp-content\/uploads\/2016\/02\/P_20160205_115550_1.jpg 356w\" sizes=\"auto, (max-width: 186px) 100vw, 186px\" \/><\/a><br \/>\nIn einem Dorf liegt Konfetti auf der Strasse. Sp\u00e4ter erkl\u00e4rt mir jemand, dass das ein katholisches Dorf gewesen sein mu\u00df&#8230;&#8230;.Niederlande, Belgien, 80j\u00e4hrige bzw. 30j\u00e4hriger Krieg, was waren das noch f\u00fcr herrliche Zeiten, als man sich hier noch gegenseitig den Sch\u00e4del wegen katholisch oder protestantisch eingeschlagen hat und nicht gegen die Entfremdung des Abendlandes etwas zu tun m\u00fcssen glaubte.<br \/>\nIrgendwann will sich die rechnende Zwanghaftigkeit wieder einschleichen&#8230;..wann bin ich in Terneuzen, wie weit noch dann bis Breskens&#8230;&#8230;<br \/>\n<a href=\"http:\/\/wendelwillweiter.de\/wordpress\/wp-content\/uploads\/2016\/02\/L1020786_1.jpg\" rel=\"attachment wp-att-483\"><img loading=\"lazy\" decoding=\"async\" src=\"http:\/\/wendelwillweiter.de\/wordpress\/wp-content\/uploads\/2016\/02\/L1020786_1-300x51.jpg\" alt=\"L1020786_1\" width=\"300\" height=\"51\" class=\"alignnone size-medium wp-image-483\" srcset=\"https:\/\/wendelwillweiter.de\/wordpress\/wp-content\/uploads\/2016\/02\/L1020786_1-300x51.jpg 300w, https:\/\/wendelwillweiter.de\/wordpress\/wp-content\/uploads\/2016\/02\/L1020786_1-768x132.jpg 768w, https:\/\/wendelwillweiter.de\/wordpress\/wp-content\/uploads\/2016\/02\/L1020786_1-1024x176.jpg 1024w, https:\/\/wendelwillweiter.de\/wordpress\/wp-content\/uploads\/2016\/02\/L1020786_1-624x107.jpg 624w, https:\/\/wendelwillweiter.de\/wordpress\/wp-content\/uploads\/2016\/02\/L1020786_1.jpg 1253w\" sizes=\"auto, (max-width: 300px) 100vw, 300px\" \/><\/a><br \/>\nEin Hochseeschiff schwimmt auf dem Acker, das Land liegt tiefer als der Wasserspiegel vom Fluss, ein Damm h\u00e4lt das, bin ich schon unterm Meerespiegel? Das gibt es z.B. in Rotterdam.<br \/>\nIn Terneuzen etwas essen, weiter.<br \/>\n<div id=\"attachment_484\" style=\"width: 310px\" class=\"wp-caption alignnone\"><a href=\"http:\/\/wendelwillweiter.de\/wordpress\/wp-content\/uploads\/2016\/02\/P_20160205_151900_1.jpg\" rel=\"attachment wp-att-484\"><img loading=\"lazy\" decoding=\"async\" aria-describedby=\"caption-attachment-484\" src=\"http:\/\/wendelwillweiter.de\/wordpress\/wp-content\/uploads\/2016\/02\/P_20160205_151900_1-300x142.jpg\" alt=\"Farbstudie\" width=\"300\" height=\"142\" class=\"size-medium wp-image-484\" srcset=\"https:\/\/wendelwillweiter.de\/wordpress\/wp-content\/uploads\/2016\/02\/P_20160205_151900_1-300x142.jpg 300w, https:\/\/wendelwillweiter.de\/wordpress\/wp-content\/uploads\/2016\/02\/P_20160205_151900_1-768x363.jpg 768w, https:\/\/wendelwillweiter.de\/wordpress\/wp-content\/uploads\/2016\/02\/P_20160205_151900_1-1024x483.jpg 1024w, https:\/\/wendelwillweiter.de\/wordpress\/wp-content\/uploads\/2016\/02\/P_20160205_151900_1-624x295.jpg 624w, https:\/\/wendelwillweiter.de\/wordpress\/wp-content\/uploads\/2016\/02\/P_20160205_151900_1.jpg 1419w\" sizes=\"auto, (max-width: 300px) 100vw, 300px\" \/><\/a><p id=\"caption-attachment-484\" class=\"wp-caption-text\">Farbstudie<\/p><\/div><br \/>\nAn der Wartehalle der F\u00e4hre die bunten Sitze, mein Helm drauf, rot-gr\u00fcn Kontrast. Auf facebook interessiert das keinen, Ignoranten. Ne knappe Stunde noch bis zum Hotel in Domburg, wieder nur ein 18zehner Schnitt f\u00fcr die Strecke&#8230;.egal.<br \/>\nDer Chef will mir drei \u00dcbernachtungen andrehen, Karnevalsfl\u00fcchtlinge bekommen hier auch nur unter bestimmten Bedingungen Asyl (ich wei\u00df, das ist nicht lustig) aber er dreht bei, l\u00e4\u00dft mich f\u00fcr zwei \u00dcbernachtungen rein, heute morgen hat er immer noch freie Zimmer. Win-Win-Situation, haben wir ja beide Gl\u00fcck gehabt.<br \/>\n&#8222;Du machst das heute, mit dem Nordseebad, sonst pl\u00e4rrst Du mir noch Wochen lang davon die Ohren voll; auch, wenn Du danach total krank bist!&#8220;<br \/>\nAm Telefon werde ich an meine eigentlich Mission erinnert.<br \/>\n&#8222;Mit dem Fahrrad zum Baden ans Meer!&#8220;<br \/>\nBin mit dem Rad noch etwas z\u00f6gerlich Richtung Nordosten auf der Halbinsel Walcheren gefahren; bei Vrouwenpolder kurzerhand zum Strand, Poncho \u00fcber, Klamotten aus, Badehose an, schnell bis zu den Knien ins Meer, ein paar Leute schauen mir zu, gnadenlos, ach Schei\u00dfe, ich lasse mich in einen Liegest\u00fctz fallen das Meer rauscht \u00fcber mich dr\u00fcber; toll, so ist reines Dasein. Nicht kalt, nicht warm. Bin schon wieder raus aus dem Wasser, so kurz war ich noch nie baden. Ich dachte der Wind schneidet mich jetzt zu einem Eisw\u00fcrfel, f\u00fchlt sich aber w\u00e4rmer an als vorher. Trotzdem abtrocknen. Mu\u00df ich wieder \u00f6fter machen. Es ist nur dieser Kontakt mit dem Wasser. Nicht umsonst gibt es Taufen.<br \/>\nDanach bin ich dann zum Aufschreiben in eine Restauration. Da bin ich jetzt. Jetzt gerade. Eigentlich will ich nicht mehr, was gelogen ist, weil ich sonst das nicht aufschreiben w\u00fcrde. <\/p>\n","protected":false},"excerpt":{"rendered":"<p>Die Finger sind noch kalt. Fast f\u00fcrchte ich, dass sie, wenn sie wieder warm sind, in eine M\u00fcdigkeit zur\u00fcck fallen, die unangenehm-tr\u00e4ge ist. So lande ich wieder bei der Frage, was wirklich gut, angenehm, was das &#8222;gute Leben&#8220; ist. Aber &hellip; <a href=\"https:\/\/www.wendelwillweiter.de\/?p=479\">Weiterlesen <span class=\"meta-nav\">&rarr;<\/span><\/a><\/p>\n","protected":false},"author":1,"featured_media":0,"comment_status":"open","ping_status":"open","sticky":false,"template":"","format":"standard","meta":{"footnotes":""},"categories":[1,5],"tags":[],"class_list":["post-479","post","type-post","status-publish","format-standard","hentry","category-allgemein","category-reisen"],"_links":{"self":[{"href":"https:\/\/www.wendelwillweiter.de\/index.php?rest_route=\/wp\/v2\/posts\/479","targetHints":{"allow":["GET"]}}],"collection":[{"href":"https:\/\/www.wendelwillweiter.de\/index.php?rest_route=\/wp\/v2\/posts"}],"about":[{"href":"https:\/\/www.wendelwillweiter.de\/index.php?rest_route=\/wp\/v2\/types\/post"}],"author":[{"embeddable":true,"href":"https:\/\/www.wendelwillweiter.de\/index.php?rest_route=\/wp\/v2\/users\/1"}],"replies":[{"embeddable":true,"href":"https:\/\/www.wendelwillweiter.de\/index.php?rest_route=%2Fwp%2Fv2%2Fcomments&post=479"}],"version-history":[{"count":5,"href":"https:\/\/www.wendelwillweiter.de\/index.php?rest_route=\/wp\/v2\/posts\/479\/revisions"}],"predecessor-version":[{"id":494,"href":"https:\/\/www.wendelwillweiter.de\/index.php?rest_route=\/wp\/v2\/posts\/479\/revisions\/494"}],"wp:attachment":[{"href":"https:\/\/www.wendelwillweiter.de\/index.php?rest_route=%2Fwp%2Fv2%2Fmedia&parent=479"}],"wp:term":[{"taxonomy":"category","embeddable":true,"href":"https:\/\/www.wendelwillweiter.de\/index.php?rest_route=%2Fwp%2Fv2%2Fcategories&post=479"},{"taxonomy":"post_tag","embeddable":true,"href":"https:\/\/www.wendelwillweiter.de\/index.php?rest_route=%2Fwp%2Fv2%2Ftags&post=479"}],"curies":[{"name":"wp","href":"https:\/\/api.w.org\/{rel}","templated":true}]}}