{"id":18,"date":"2014-06-30T21:14:17","date_gmt":"2014-06-30T19:14:17","guid":{"rendered":"http:\/\/www.wendelwillweiter.de\/?p=18"},"modified":"2014-06-30T21:14:17","modified_gmt":"2014-06-30T19:14:17","slug":"glaeschen","status":"publish","type":"post","link":"https:\/\/www.wendelwillweiter.de\/?p=18","title":{"rendered":"Gl\u00e4schen"},"content":{"rendered":"<p><a href=\"http:\/\/wendelwillweiter.de\/wordpress\/wp-content\/uploads\/2014\/06\/sektfr\u00fch.jpg\"><img loading=\"lazy\" decoding=\"async\" class=\"alignnone size-medium wp-image-19\" src=\"http:\/\/wendelwillweiter.de\/wordpress\/wp-content\/uploads\/2014\/06\/sektfr\u00fch-168x300.jpg\" alt=\"sektfr\u00fch\" width=\"168\" height=\"300\" srcset=\"https:\/\/wendelwillweiter.de\/wordpress\/wp-content\/uploads\/2014\/06\/sektfr\u00fch-168x300.jpg 168w, https:\/\/wendelwillweiter.de\/wordpress\/wp-content\/uploads\/2014\/06\/sektfr\u00fch-575x1024.jpg 575w, https:\/\/wendelwillweiter.de\/wordpress\/wp-content\/uploads\/2014\/06\/sektfr\u00fch-624x1109.jpg 624w, https:\/\/wendelwillweiter.de\/wordpress\/wp-content\/uploads\/2014\/06\/sektfr\u00fch.jpg 1000w\" sizes=\"auto, (max-width: 168px) 100vw, 168px\" \/><\/a><\/p>\n<p>Bin immer wieder fasziniert von ihr:<\/p>\n<p>Eine Dame sitzt in einem Strassencafe, von denen es bei uns viel zu wenige gibt, auf dem Gehsteig, vor einem Glas Sekt. Oft schon sehr fr\u00fch. Oft wenn es noch sehr frisch ist, dann mit einer Decke \u00fcber den Beinen, in einem konservativ, modischen Halbmantel.<\/p>\n<p>Sie sieht anders aus, als die Dame auf meiner Zeichnung, die eine Notiz ist, eher beschreibt, als bezeichnet.<\/p>\n<p>Bewegt bin ich davon wie sie vor dem Getr\u00e4nk mit aller Zeit der Welt sitzt und es nicht anzur\u00fchren scheint. Denke oft, dass dieses, f\u00fcr mich so sch\u00f6ne Bild, Gl\u00fcck ist. Sicherlich ist es anders.<\/p>\n<p>Ein Motiv ist etwas, das bewegt. Menschen vor Getr\u00e4nken in Ruhe: Immer noch habe ich einen alten Bauern in Kastilien im Kopf, der an einem hei\u00dfen Tag vor einem perlend-kalten Wei\u00dfwein Glas sitzt oder ein paar allg\u00e4uer Bauern vor ihren Humpen, die mich sogar aufforderten (hockst di) mich dazu zu setzen, mich zum Betrachten der Bierkr\u00fcge in Stille mit einluden.<\/p>\n<p>Dieses Motiv klingt nach \u00e4lteren \u00d6lmalereien, kein Bild f\u00fcr heute. Ich kann mich aber an kein altes erinnern.<\/p>\n<p>&nbsp;<\/p>\n","protected":false},"excerpt":{"rendered":"<p>Bin immer wieder fasziniert von ihr: Eine Dame sitzt in einem Strassencafe, von denen es bei uns viel zu wenige gibt, auf dem Gehsteig, vor einem Glas Sekt. Oft schon sehr fr\u00fch. Oft wenn es noch sehr frisch ist, dann &hellip; <a href=\"https:\/\/www.wendelwillweiter.de\/?p=18\">Weiterlesen <span class=\"meta-nav\">&rarr;<\/span><\/a><\/p>\n","protected":false},"author":1,"featured_media":0,"comment_status":"open","ping_status":"open","sticky":false,"template":"","format":"standard","meta":{"footnotes":""},"categories":[2,3],"tags":[],"class_list":["post-18","post","type-post","status-publish","format-standard","hentry","category-taegliche-eintraege","category-zeichnungen"],"_links":{"self":[{"href":"https:\/\/www.wendelwillweiter.de\/index.php?rest_route=\/wp\/v2\/posts\/18","targetHints":{"allow":["GET"]}}],"collection":[{"href":"https:\/\/www.wendelwillweiter.de\/index.php?rest_route=\/wp\/v2\/posts"}],"about":[{"href":"https:\/\/www.wendelwillweiter.de\/index.php?rest_route=\/wp\/v2\/types\/post"}],"author":[{"embeddable":true,"href":"https:\/\/www.wendelwillweiter.de\/index.php?rest_route=\/wp\/v2\/users\/1"}],"replies":[{"embeddable":true,"href":"https:\/\/www.wendelwillweiter.de\/index.php?rest_route=%2Fwp%2Fv2%2Fcomments&post=18"}],"version-history":[{"count":1,"href":"https:\/\/www.wendelwillweiter.de\/index.php?rest_route=\/wp\/v2\/posts\/18\/revisions"}],"predecessor-version":[{"id":20,"href":"https:\/\/www.wendelwillweiter.de\/index.php?rest_route=\/wp\/v2\/posts\/18\/revisions\/20"}],"wp:attachment":[{"href":"https:\/\/www.wendelwillweiter.de\/index.php?rest_route=%2Fwp%2Fv2%2Fmedia&parent=18"}],"wp:term":[{"taxonomy":"category","embeddable":true,"href":"https:\/\/www.wendelwillweiter.de\/index.php?rest_route=%2Fwp%2Fv2%2Fcategories&post=18"},{"taxonomy":"post_tag","embeddable":true,"href":"https:\/\/www.wendelwillweiter.de\/index.php?rest_route=%2Fwp%2Fv2%2Ftags&post=18"}],"curies":[{"name":"wp","href":"https:\/\/api.w.org\/{rel}","templated":true}]}}