{"id":1257,"date":"2017-07-01T22:18:40","date_gmt":"2017-07-01T20:18:40","guid":{"rendered":"http:\/\/www.wendelwillweiter.de\/?p=1257"},"modified":"2017-07-01T22:23:43","modified_gmt":"2017-07-01T20:23:43","slug":"im-weinviertel","status":"publish","type":"post","link":"https:\/\/www.wendelwillweiter.de\/?p=1257","title":{"rendered":"Im Weinviertel"},"content":{"rendered":"<p>Gibt ein Viertel Wein und hier, im Dreil\u00e4ndereck, \u00d6stereich, Tschechien und Slowakei, ganz in der N\u00e4he von Wien, gibt es ein Weinviertel. Ein Waldviertel gibt es hier auch in der N\u00e4he, aber kein Viertel Wald ha, ha, ha<\/p>\n<p>F\u00e4llt mir schwer, etwas vern\u00fcnftiges zu berichten,&#8230;.&#8220;Ach, Nee?!&#8220;<\/p>\n<p>Eben fuhr ich durch eine goldene Landschaft, ne eigentlich schon den ganzen Tag, aber die Abendsonne stand in den Kornfeldern, die auf der &#8222;Weinviertler Weinstrasse&#8220; vorherrschender waren als Wingerte, die Sonne stand anders als in M\u00e4hren, dem \u00f6stlichen Teil von Tschechien, und anstrengender zu fahren war es dort.<\/p>\n<p>Aber das ist klar: Die Sonne steht tags\u00fcber immer anders, je nach Tageszeit, nachts \u00fcbrigens auch, aber da merkt man nichts davon. <\/p>\n<p>Heute waren es \u00fcber 150 km.<\/p>\n<p>Ich bin durch viele Kornfelder gefahren, auf der Landstrasse und wenig durch den Wald. Ich bin gefahren, gefahren, gefahren, mehr nicht; gerne w\u00fcrde ich mit aufregenderem aufwarten, aber da ist nichts, nichts au\u00dfer&#8230;Nun, hier, diese Nieder\u00f6stereicher, hier gerade in der Gaststube begegnen einem aufmerksam, jeder der reinkommt nimmt mich wahr. Klar, gut f\u00fcr das Ego des Landstrassenfahrradheinis&#8230;.aber ich finde das bemerkenswert. Es geht mir nicht um mich, wirklich nicht, auch, wenn da gerade einer von den Kneipenleuten, brumm, brumm in sein Auto eingestiegen ist und lautstark vollkommen lebensfeindlich die Biege gemacht hat, es geht mir um &#8230;das, was ich nicht drauf habe: Erstmal freundlich zu sein, erst einmal &#8222;welcome&#8220; zu machen, gastfreundlich zu sein. Mag sein, dass es an meinem Sumpfgermanenaussehen liegt, das die freundlich sind&#8230;ja, das ging mir heute durch den Kopf&#8230;ein Bericht aus meiner dumpfen Gedankenwelt auf dem Fahrrad:<br \/>\nHeinz R\u00fchmann hat einmal ein Lied mit dem Refrain gesungen: &#8222;Warum hei\u00dfe ich eigentlich Emil und warum denn nicht Waldemar. Und warum bin ich denn semmelblond und hab kein schwarzes Haar.&#8220; Da R\u00fchmanns Kariere schon vor dern dreissiger Jahre began, frag ich mich, wann er den Song gesungen hat. Vielleicht, als es besonders toll war blond zu sein?<\/p>\n<p>Ja, son oller Kram geht mir durch den Kopf, wenn ich, nur zuf\u00e4llig so eine KuK Tour mache. Das geht noch weiter zur\u00fcck. Dieses Habsburgerreich, in dessen Restrelikt ich gerade die Tastatur bet\u00e4tige, war ein riesiges Dingen, bin mir nicht sicher, aber nach Russland h\u00f6chstwahrscheinlich der gr\u00f6\u00dfte europ\u00e4ische Fl\u00e4chenstaat, vor dem ersten Weltkrieg also.<br \/>\nHier, wo jetzt ein Dreil\u00e4ndereck ist, war bis zum Ende des ersten Weltkriegs, h\u00f6chstens Verwaltungsgrenzen. Viele von den sch\u00f6nen St\u00e4dten und D\u00f6rfern durch die ich seit drei Tagen gefahren bin, standen damals schon. Polen gab es zu dieser Zeit z.B. nicht, aber ich habe schon \u00f6fter geh\u00f6rt und gelesen, dass Polen ihre Kultur am besten unter \u00f6stereichischer Herrschaft leben konnten.<br \/>\nUnd: Warum geht es hier \u00fcberall so ums Essen und Trinken? Knedel, Bier usw&#8230;.<\/p>\n<p>Kriegs nicht auf die Reihe. Will ich auch nicht. Und ich will auch nicht die guten, alten Zeiten. (In Nepommuk im Esssaal des Hotels hing \u00fcbrigens ein Bild vom Kaiser Franz mit seinem Backenbart)<\/p>\n<p>Hier gibt es gr\u00fcnen Veltliner, g\u00fcnstig aus dem Zapfhahn und ein paar Fotos von mir&#8230;morgen will ich weiter Richtung Budapest. Zwei Tage noch, sch\u00e4tze ich und dann mache ich die Biege, Richtung Westen, \u00fcbern Balaton oder den Neusiedler See, nach Wien, je nachdem. Ins Land der Vampire fahr ich nicht, zu wenig Zeit.<\/p>\n<div id=\"attachment_1258\" style=\"width: 310px\" class=\"wp-caption alignnone\"><a href=\"http:\/\/wendelwillweiter.de\/wordpress\/wp-content\/uploads\/2017\/07\/P_20170701_091112.jpg\"><img loading=\"lazy\" decoding=\"async\" aria-describedby=\"caption-attachment-1258\" src=\"http:\/\/wendelwillweiter.de\/wordpress\/wp-content\/uploads\/2017\/07\/P_20170701_091112-300x169.jpg\" alt=\"\" width=\"300\" height=\"169\" class=\"size-medium wp-image-1258\" srcset=\"https:\/\/wendelwillweiter.de\/wordpress\/wp-content\/uploads\/2017\/07\/P_20170701_091112-300x169.jpg 300w, https:\/\/wendelwillweiter.de\/wordpress\/wp-content\/uploads\/2017\/07\/P_20170701_091112-768x432.jpg 768w, https:\/\/wendelwillweiter.de\/wordpress\/wp-content\/uploads\/2017\/07\/P_20170701_091112-1024x576.jpg 1024w, https:\/\/wendelwillweiter.de\/wordpress\/wp-content\/uploads\/2017\/07\/P_20170701_091112-624x351.jpg 624w\" sizes=\"auto, (max-width: 300px) 100vw, 300px\" \/><\/a><p id=\"caption-attachment-1258\" class=\"wp-caption-text\">heute morgen sah es nach einer Expedition in die Botanik aus<\/p><\/div>\n<div id=\"attachment_1259\" style=\"width: 310px\" class=\"wp-caption alignnone\"><a href=\"http:\/\/wendelwillweiter.de\/wordpress\/wp-content\/uploads\/2017\/07\/P_20170701_153819.jpg\"><img loading=\"lazy\" decoding=\"async\" aria-describedby=\"caption-attachment-1259\" src=\"http:\/\/wendelwillweiter.de\/wordpress\/wp-content\/uploads\/2017\/07\/P_20170701_153819-300x169.jpg\" alt=\"\" width=\"300\" height=\"169\" class=\"size-medium wp-image-1259\" srcset=\"https:\/\/wendelwillweiter.de\/wordpress\/wp-content\/uploads\/2017\/07\/P_20170701_153819-300x169.jpg 300w, https:\/\/wendelwillweiter.de\/wordpress\/wp-content\/uploads\/2017\/07\/P_20170701_153819-768x432.jpg 768w, https:\/\/wendelwillweiter.de\/wordpress\/wp-content\/uploads\/2017\/07\/P_20170701_153819-1024x576.jpg 1024w, https:\/\/wendelwillweiter.de\/wordpress\/wp-content\/uploads\/2017\/07\/P_20170701_153819-624x351.jpg 624w\" sizes=\"auto, (max-width: 300px) 100vw, 300px\" \/><\/a><p id=\"caption-attachment-1259\" class=\"wp-caption-text\">aber dann ging\u00b4s vornehmlich auf der Landstrasse<\/p><\/div>\n<div id=\"attachment_1260\" style=\"width: 310px\" class=\"wp-caption alignnone\"><a href=\"http:\/\/wendelwillweiter.de\/wordpress\/wp-content\/uploads\/2017\/07\/P_20170701_153826.jpg\"><img loading=\"lazy\" decoding=\"async\" aria-describedby=\"caption-attachment-1260\" src=\"http:\/\/wendelwillweiter.de\/wordpress\/wp-content\/uploads\/2017\/07\/P_20170701_153826-300x169.jpg\" alt=\"\" width=\"300\" height=\"169\" class=\"size-medium wp-image-1260\" srcset=\"https:\/\/wendelwillweiter.de\/wordpress\/wp-content\/uploads\/2017\/07\/P_20170701_153826-300x169.jpg 300w, https:\/\/wendelwillweiter.de\/wordpress\/wp-content\/uploads\/2017\/07\/P_20170701_153826-768x432.jpg 768w, https:\/\/wendelwillweiter.de\/wordpress\/wp-content\/uploads\/2017\/07\/P_20170701_153826-1024x576.jpg 1024w, https:\/\/wendelwillweiter.de\/wordpress\/wp-content\/uploads\/2017\/07\/P_20170701_153826-624x351.jpg 624w\" sizes=\"auto, (max-width: 300px) 100vw, 300px\" \/><\/a><p id=\"caption-attachment-1260\" class=\"wp-caption-text\">&#8230;und einigen &#8222;Gravelpathes&#8220;<\/p><\/div>\n","protected":false},"excerpt":{"rendered":"<p>Gibt ein Viertel Wein und hier, im Dreil\u00e4ndereck, \u00d6stereich, Tschechien und Slowakei, ganz in der N\u00e4he von Wien, gibt es ein Weinviertel. Ein Waldviertel gibt es hier auch in der N\u00e4he, aber kein Viertel Wald ha, ha, ha F\u00e4llt mir &hellip; <a href=\"https:\/\/www.wendelwillweiter.de\/?p=1257\">Weiterlesen <span class=\"meta-nav\">&rarr;<\/span><\/a><\/p>\n","protected":false},"author":1,"featured_media":0,"comment_status":"open","ping_status":"open","sticky":false,"template":"","format":"standard","meta":{"footnotes":""},"categories":[5],"tags":[],"class_list":["post-1257","post","type-post","status-publish","format-standard","hentry","category-reisen"],"_links":{"self":[{"href":"https:\/\/www.wendelwillweiter.de\/index.php?rest_route=\/wp\/v2\/posts\/1257","targetHints":{"allow":["GET"]}}],"collection":[{"href":"https:\/\/www.wendelwillweiter.de\/index.php?rest_route=\/wp\/v2\/posts"}],"about":[{"href":"https:\/\/www.wendelwillweiter.de\/index.php?rest_route=\/wp\/v2\/types\/post"}],"author":[{"embeddable":true,"href":"https:\/\/www.wendelwillweiter.de\/index.php?rest_route=\/wp\/v2\/users\/1"}],"replies":[{"embeddable":true,"href":"https:\/\/www.wendelwillweiter.de\/index.php?rest_route=%2Fwp%2Fv2%2Fcomments&post=1257"}],"version-history":[{"count":3,"href":"https:\/\/www.wendelwillweiter.de\/index.php?rest_route=\/wp\/v2\/posts\/1257\/revisions"}],"predecessor-version":[{"id":1263,"href":"https:\/\/www.wendelwillweiter.de\/index.php?rest_route=\/wp\/v2\/posts\/1257\/revisions\/1263"}],"wp:attachment":[{"href":"https:\/\/www.wendelwillweiter.de\/index.php?rest_route=%2Fwp%2Fv2%2Fmedia&parent=1257"}],"wp:term":[{"taxonomy":"category","embeddable":true,"href":"https:\/\/www.wendelwillweiter.de\/index.php?rest_route=%2Fwp%2Fv2%2Fcategories&post=1257"},{"taxonomy":"post_tag","embeddable":true,"href":"https:\/\/www.wendelwillweiter.de\/index.php?rest_route=%2Fwp%2Fv2%2Ftags&post=1257"}],"curies":[{"name":"wp","href":"https:\/\/api.w.org\/{rel}","templated":true}]}}