{"id":1226,"date":"2017-06-29T20:13:25","date_gmt":"2017-06-29T18:13:25","guid":{"rendered":"http:\/\/www.wendelwillweiter.de\/?p=1226"},"modified":"2017-06-29T21:37:09","modified_gmt":"2017-06-29T19:37:09","slug":"pumuckl","status":"publish","type":"post","link":"https:\/\/www.wendelwillweiter.de\/?p=1226","title":{"rendered":"Pumuckl"},"content":{"rendered":"<p>Eigentlich wollte ich mich heute reum\u00fctig bekennen, mein geschriebenes Gefasel, widerrufen, einen Schwamm \u00fcber die letzten &#8222;Berichte&#8220; wischen, aber eben habe ich noch einmal dr\u00fcber gelesen und kann einen roten Faden erkennen.<br \/>\nBeim Schreiben wollte ich immer schon so etwas wie einen &#8222;Stream of Consciousness &#8220; hinkriegen.<br \/>\nRichtig gut, was ich da schreibe finde ich es nicht, aber es geht in die richtige Richtung.<br \/>\nHeute hat es bis 16 Uhr geregnet, richtig dicht und durch den Regen bin ich hindurch gefahren. Kalt und nass wars, aber der Wind kam zum Gl\u00fcck von hinten. Trotzdem habe ich heute nicht die beste Tagesleistung.<br \/>\nAber sollte ich nicht eigentlich von den mini-rot-berockten Kellnerinen berichten, die mir dauernd ein neues Pilsener Urquell hinstellen, das hier aus dem Boden zu schie\u00dfen scheint.<br \/>\nDie j\u00fcngere, blonde von den Kellnerinnen flirtet ein bischen mit mir, was ich mir vielleicht auch nur einbilde, aber und ausserdem und neben der Arbeit, spielt sie mit einen von den K\u00f6chen Verstecken, das hat etwas unglaublich Verspieltes, macht richtig Spass zu zugucken.<br \/>\nIch bin in Nepomuk, was ja kein Name f\u00fcr einen Menschen, sondern f\u00fcr einen Ort ist; der heilige Nepomuk, wie er genannt wird, hie\u00df Johannes und kam hierher. Habe aber gerade nachgeschaut. &#8222;Nepomuk&#8220; ist durchaus ein Vorname, mittlerweile und &#8222;Pumuckl&#8220; ist die Verkleinerungsform.<br \/>\nCut.<br \/>\nIch verstehe kein Wort Tschechisch. Schrecklich.<br \/>\nUnd was gab es heute noch?<br \/>\nDer Wirt in der Oberpfalz heute morgen hat mir vorausgesagt, dass es keine 120 km werden w\u00fcrden, weil es so regnete. Sind 105 oder so geworden, habe nicht genaut geguckt, sind aber \u00fcber 100.<br \/>\nSchon nach 5 km praller Regenfahrt habe ich wieder ein zweites Fr\u00fchst\u00fcck zu mir genommen. Die Frau hinter der Theke der B\u00e4ckerei sprach \u00fcberhaupt kein Bairisch.<br \/>\n&#8222;Sie sind aber nicht von hier!&#8220;<br \/>\n&#8222;Ne, ich komme aus Berlin!&#8220; sagte sie. Berlinert hat sie aber auch nicht. Ist in der Oberpfalz verheiratet und will aber auch nicht mehr nach Berlin zur\u00fcck. Berlin ist nicht mehr das, was es mal war&#8230;.und wir kamen in ein Lamento \u00fcber die guten alten Zeiten&#8230;..ja, ja und dann wollte ich doch wieder raus in den Regen.<br \/>\n<div id=\"attachment_1227\" style=\"width: 310px\" class=\"wp-caption alignnone\"><a href=\"http:\/\/wendelwillweiter.de\/wordpress\/wp-content\/uploads\/2017\/06\/P_20170629_102758.jpg\"><img loading=\"lazy\" decoding=\"async\" aria-describedby=\"caption-attachment-1227\" src=\"http:\/\/wendelwillweiter.de\/wordpress\/wp-content\/uploads\/2017\/06\/P_20170629_102758-300x169.jpg\" alt=\"\" width=\"300\" height=\"169\" class=\"size-medium wp-image-1227\" srcset=\"https:\/\/wendelwillweiter.de\/wordpress\/wp-content\/uploads\/2017\/06\/P_20170629_102758-300x169.jpg 300w, https:\/\/wendelwillweiter.de\/wordpress\/wp-content\/uploads\/2017\/06\/P_20170629_102758-768x432.jpg 768w, https:\/\/wendelwillweiter.de\/wordpress\/wp-content\/uploads\/2017\/06\/P_20170629_102758-1024x576.jpg 1024w, https:\/\/wendelwillweiter.de\/wordpress\/wp-content\/uploads\/2017\/06\/P_20170629_102758-624x351.jpg 624w\" sizes=\"auto, (max-width: 300px) 100vw, 300px\" \/><\/a><p id=\"caption-attachment-1227\" class=\"wp-caption-text\">raus in den Regen<\/p><\/div><br \/>\nViel fr\u00fcher als gedacht kam die tschechische Grenze und der Regen h\u00f6rte trotzdem nicht auf.<br \/>\nDann fuhr ich, von einem Mittagessen unterbrochen, immer weiter durch Wald und Landschaft, meistens auf kleinen Strassen, viel rauf und runter.<\/p>\n<p><div id=\"attachment_1228\" style=\"width: 310px\" class=\"wp-caption alignnone\"><a href=\"http:\/\/wendelwillweiter.de\/wordpress\/wp-content\/uploads\/2017\/06\/P_20170629_160234.jpg\"><img loading=\"lazy\" decoding=\"async\" aria-describedby=\"caption-attachment-1228\" src=\"http:\/\/wendelwillweiter.de\/wordpress\/wp-content\/uploads\/2017\/06\/P_20170629_160234-300x169.jpg\" alt=\"\" width=\"300\" height=\"169\" class=\"size-medium wp-image-1228\" srcset=\"https:\/\/wendelwillweiter.de\/wordpress\/wp-content\/uploads\/2017\/06\/P_20170629_160234-300x169.jpg 300w, https:\/\/wendelwillweiter.de\/wordpress\/wp-content\/uploads\/2017\/06\/P_20170629_160234-768x432.jpg 768w, https:\/\/wendelwillweiter.de\/wordpress\/wp-content\/uploads\/2017\/06\/P_20170629_160234-1024x576.jpg 1024w, https:\/\/wendelwillweiter.de\/wordpress\/wp-content\/uploads\/2017\/06\/P_20170629_160234-624x351.jpg 624w\" sizes=\"auto, (max-width: 300px) 100vw, 300px\" \/><\/a><p id=\"caption-attachment-1228\" class=\"wp-caption-text\">wie Max Ernst sein Gr\u00e4tenwald<\/p><\/div><br \/>\nIch fing an zu Tunneln. Was das ist? Man h\u00e4ngt irgendwelchen alten Themen oder Szenen nach und ist gar nicht da wo man ist. Tunneln ist das Gegenteil vom &#8222;Stream of Consciousness&#8220;.<br \/>\nWar kalt und nass auf dem Rad, vielleicht war das der Grund. Ich bin zwar oft nicht richtig da, wenn ich Fahrrad fahre, aber in der nassen, relativen K\u00e4lte, &#8222;macht man sich warme Gedanken&#8220;. Dann kommt oft, dass ich mich irgendwo anders hindenken will, in eine ganz andere Richtung, als die, die ich gerade eingeschlagen habe. Das macht erst recht nicht gl\u00fccklich. So f\u00e4ngt bl\u00f6der Stress an. Man meint man mu\u00df, wenn man schon Urlaub hat usw. wenigstens gl\u00fccklich sein.<br \/>\n<div id=\"attachment_1229\" style=\"width: 179px\" class=\"wp-caption alignnone\"><a href=\"http:\/\/wendelwillweiter.de\/wordpress\/wp-content\/uploads\/2017\/06\/P_20170629_174833-e1498759867602.jpg\"><img loading=\"lazy\" decoding=\"async\" aria-describedby=\"caption-attachment-1229\" src=\"http:\/\/wendelwillweiter.de\/wordpress\/wp-content\/uploads\/2017\/06\/P_20170629_174833-e1498759867602-169x300.jpg\" alt=\"\" width=\"169\" height=\"300\" class=\"size-medium wp-image-1229\" srcset=\"https:\/\/wendelwillweiter.de\/wordpress\/wp-content\/uploads\/2017\/06\/P_20170629_174833-e1498759867602-169x300.jpg 169w, https:\/\/wendelwillweiter.de\/wordpress\/wp-content\/uploads\/2017\/06\/P_20170629_174833-e1498759867602-768x1365.jpg 768w, https:\/\/wendelwillweiter.de\/wordpress\/wp-content\/uploads\/2017\/06\/P_20170629_174833-e1498759867602-576x1024.jpg 576w, https:\/\/wendelwillweiter.de\/wordpress\/wp-content\/uploads\/2017\/06\/P_20170629_174833-e1498759867602-624x1109.jpg 624w, https:\/\/wendelwillweiter.de\/wordpress\/wp-content\/uploads\/2017\/06\/P_20170629_174833-e1498759867602.jpg 1836w\" sizes=\"auto, (max-width: 169px) 100vw, 169px\" \/><\/a><p id=\"caption-attachment-1229\" class=\"wp-caption-text\">kurz vor Schluss der Etappe<\/p><\/div><br \/>\nIch bin gl\u00fccklich gerade; ich freue mich daran, wie die Finger \u00fcber die Tastatur fliegen, dass es trocken und warm ist, mittlerweile die Abendsonne scheint, ich gleich noch durch die Stadt flaniere. <\/p>\n<div id=\"attachment_1230\" style=\"width: 310px\" class=\"wp-caption alignnone\"><a href=\"http:\/\/wendelwillweiter.de\/wordpress\/wp-content\/uploads\/2017\/06\/P_20170629_181303.jpg\"><img loading=\"lazy\" decoding=\"async\" aria-describedby=\"caption-attachment-1230\" src=\"http:\/\/wendelwillweiter.de\/wordpress\/wp-content\/uploads\/2017\/06\/P_20170629_181303-300x169.jpg\" alt=\"\" width=\"300\" height=\"169\" class=\"size-medium wp-image-1230\" srcset=\"https:\/\/wendelwillweiter.de\/wordpress\/wp-content\/uploads\/2017\/06\/P_20170629_181303-300x169.jpg 300w, https:\/\/wendelwillweiter.de\/wordpress\/wp-content\/uploads\/2017\/06\/P_20170629_181303-768x432.jpg 768w, https:\/\/wendelwillweiter.de\/wordpress\/wp-content\/uploads\/2017\/06\/P_20170629_181303-1024x576.jpg 1024w, https:\/\/wendelwillweiter.de\/wordpress\/wp-content\/uploads\/2017\/06\/P_20170629_181303-624x351.jpg 624w\" sizes=\"auto, (max-width: 300px) 100vw, 300px\" \/><\/a><p id=\"caption-attachment-1230\" class=\"wp-caption-text\">das Fahrrad schl\u00e4ft im Ballsaal<\/p><\/div>\n","protected":false},"excerpt":{"rendered":"<p>Eigentlich wollte ich mich heute reum\u00fctig bekennen, mein geschriebenes Gefasel, widerrufen, einen Schwamm \u00fcber die letzten &#8222;Berichte&#8220; wischen, aber eben habe ich noch einmal dr\u00fcber gelesen und kann einen roten Faden erkennen. Beim Schreiben wollte ich immer schon so etwas &hellip; <a href=\"https:\/\/www.wendelwillweiter.de\/?p=1226\">Weiterlesen <span class=\"meta-nav\">&rarr;<\/span><\/a><\/p>\n","protected":false},"author":1,"featured_media":0,"comment_status":"open","ping_status":"open","sticky":false,"template":"","format":"standard","meta":{"footnotes":""},"categories":[5],"tags":[],"class_list":["post-1226","post","type-post","status-publish","format-standard","hentry","category-reisen"],"_links":{"self":[{"href":"https:\/\/www.wendelwillweiter.de\/index.php?rest_route=\/wp\/v2\/posts\/1226","targetHints":{"allow":["GET"]}}],"collection":[{"href":"https:\/\/www.wendelwillweiter.de\/index.php?rest_route=\/wp\/v2\/posts"}],"about":[{"href":"https:\/\/www.wendelwillweiter.de\/index.php?rest_route=\/wp\/v2\/types\/post"}],"author":[{"embeddable":true,"href":"https:\/\/www.wendelwillweiter.de\/index.php?rest_route=\/wp\/v2\/users\/1"}],"replies":[{"embeddable":true,"href":"https:\/\/www.wendelwillweiter.de\/index.php?rest_route=%2Fwp%2Fv2%2Fcomments&post=1226"}],"version-history":[{"count":5,"href":"https:\/\/www.wendelwillweiter.de\/index.php?rest_route=\/wp\/v2\/posts\/1226\/revisions"}],"predecessor-version":[{"id":1235,"href":"https:\/\/www.wendelwillweiter.de\/index.php?rest_route=\/wp\/v2\/posts\/1226\/revisions\/1235"}],"wp:attachment":[{"href":"https:\/\/www.wendelwillweiter.de\/index.php?rest_route=%2Fwp%2Fv2%2Fmedia&parent=1226"}],"wp:term":[{"taxonomy":"category","embeddable":true,"href":"https:\/\/www.wendelwillweiter.de\/index.php?rest_route=%2Fwp%2Fv2%2Fcategories&post=1226"},{"taxonomy":"post_tag","embeddable":true,"href":"https:\/\/www.wendelwillweiter.de\/index.php?rest_route=%2Fwp%2Fv2%2Ftags&post=1226"}],"curies":[{"name":"wp","href":"https:\/\/api.w.org\/{rel}","templated":true}]}}